{"id":12454,"date":"2024-03-04T17:48:41","date_gmt":"2024-03-04T17:48:41","guid":{"rendered":"https:\/\/almadevelopment.pt\/le-developpement-de-lessence-commence-la-phase-de-vente\/"},"modified":"2026-03-31T16:48:34","modified_gmt":"2026-03-31T16:48:34","slug":"essence-commence-phase-vente","status":"publish","type":"post","link":"https:\/\/almadevelopment.pt\/fr\/essence-commence-phase-vente\/","title":{"rendered":"Le d\u00e9veloppement de l&#8217;essence commence la phase de vente"},"content":{"rendered":"\t\t<div data-elementor-type=\"wp-post\" data-elementor-id=\"12454\" class=\"elementor elementor-12454 elementor-12426\" data-elementor-post-type=\"post\">\n\t\t\t\t\t\t\t\t\t<section class=\"elementor-section elementor-top-section elementor-element elementor-element-7c121d4 elementor-section-boxed elementor-section-height-default elementor-section-height-default\" data-id=\"7c121d4\" data-element_type=\"section\">\n\t\t\t\t\t\t<div class=\"elementor-container elementor-column-gap-default\">\n\t\t\t\t\t<div class=\"elementor-column elementor-col-100 elementor-top-column elementor-element elementor-element-38cf394\" data-id=\"38cf394\" data-element_type=\"column\">\n\t\t\t<div class=\"elementor-widget-wrap elementor-element-populated\">\n\t\t\t\t\t\t\t\t<div class=\"elementor-element elementor-element-e1fdb00 elementor-widget elementor-widget-text-editor\" data-id=\"e1fdb00\" data-element_type=\"widget\" data-widget_type=\"text-editor.default\">\n\t\t\t\t<div class=\"elementor-widget-container\">\n\t\t\t<style>\/*! elementor - v3.18.0 - 20-12-2023 *\/\n.elementor-widget-text-editor.elementor-drop-cap-view-stacked .elementor-drop-cap{background-color:#69727d;color:#fff}.elementor-widget-text-editor.elementor-drop-cap-view-framed .elementor-drop-cap{color:#69727d;border:3px solid;background-color:transparent}.elementor-widget-text-editor:not(.elementor-drop-cap-view-default) .elementor-drop-cap{margin-top:8px}.elementor-widget-text-editor:not(.elementor-drop-cap-view-default) .elementor-drop-cap-letter{width:1em;height:1em}.elementor-widget-text-editor .elementor-drop-cap{float:left;text-align:center;line-height:1;font-size:50px}.elementor-widget-text-editor .elementor-drop-cap-letter{display:inline-block}<\/style>\t\t\t\t<p>Le 25 janvier, <strong>ALMA Development<\/strong>, l&#8217;une des principales soci\u00e9t\u00e9s de promotion immobili\u00e8re du Portugal, a lanc\u00e9 la vente de son dernier projet immobilier, <strong>ESSENCE &#8211; New Tradition<\/strong>, situ\u00e9 \u00e0 <strong>Antas<\/strong>, <strong>Porto<\/strong>, et dont l&#8217;ach\u00e8vement est pr\u00e9vu pour 2026.<\/p><p>ESSENCE est un <strong>projet immobilier d&#8217;excellence<\/strong>, qui int\u00e8gre les normes les plus \u00e9lev\u00e9es de qualit\u00e9 et d&#8217;innovation dans le d\u00e9veloppement de propri\u00e9t\u00e9s r\u00e9sidentielles.<\/p><p>Avec une surface totale de construction d&#8217;environ 10 <sup>300 m2<\/sup> hors sol, ESSENCE se compose de <strong>84 appartements<\/strong> aux surfaces g\u00e9n\u00e9reuses et aux grands balcons, r\u00e9partis sur 4 blocs, allant du<strong> studio \u00e0 l&#8217;<\/strong> <strong>appartement de<\/strong><strong> 4 chambres \u00e0 coucher avec toit.<\/strong><\/p><blockquote><p style=\"text-align: center;\"><span style=\"font-size: 24px; color: #000000;\">&#8220;Avec une situation privil\u00e9gi\u00e9e au c\u0153ur d&#8217;Antas, ESSENCE est n\u00e9e \u00e0 l&#8217;int\u00e9rieur d&#8217;une ancienne ferme au sommet du &#8220;Monte Aventino&#8221;, entour\u00e9e de jardins avec des arbres centenaires.<\/span><\/p><p style=\"text-align: center;\"><cite>D\u00c9VELOPPEMENT DE L&#8217;\u00c2ME<br \/><\/cite><\/p><\/blockquote><p>Le projet a \u00e9t\u00e9 soigneusement con\u00e7u pour offrir aux r\u00e9sidents un mode de vie confortable et de qualit\u00e9, avec des espaces spacieux et lumineux et une vue sur la ville de Porto.<\/p><h3>Vue sur le Douro<\/h3><p>ESSENCE surplombe le Douro et offre une exp\u00e9rience et un confort uniques gr\u00e2ce \u00e0 des mat\u00e9riaux et des \u00e9quipements soigneusement s\u00e9lectionn\u00e9s. L&#8217;excellente relation entre l&#8217;int\u00e9rieur et l&#8217;ext\u00e9rieur, obtenue gr\u00e2ce aux balcons, aux toits-terrasses et aux jardins ext\u00e9rieurs, permet de profiter pleinement du potentiel paysager du site.<\/p><h3>Une g\u00e9om\u00e9trie irr\u00e9guli\u00e8re<\/h3><p>Les b\u00e2timents ont une <strong>composition architecturale<\/strong> bas\u00e9e sur un ensemble de piliers ext\u00e9rieurs pr\u00e9fabriqu\u00e9s avec une <strong>g\u00e9om\u00e9trie irr\u00e9guli\u00e8re<\/strong>, maintenant un rythme iconique et permettant \u00e0 la <strong>lumi\u00e8re<\/strong> d&#8217;envahir les espaces \u00e0 travers les zones vitr\u00e9es.<\/p><p>Le b\u00e9ton qui compose la fa\u00e7ade est le reflet des anciens murs de sout\u00e8nement qui existaient sur le site, et il est soutenu par des \u00e9l\u00e9ments en bois qui apportent un confort visuel en se fondant dans le b\u00e9ton.<\/p><h3>Tout le confort<\/h3><p>ESSENCE offre une large gamme de services exclusifs \u00e0 ses r\u00e9sidents, notamment un<strong> club pour enfants et adolescents<\/strong>, une<strong>salle multifonctionnelle<\/strong>, une <strong>salle de sport<\/strong>, un <strong>syst\u00e8me de conciergerie num\u00e9rique<\/strong>, des <strong>espaces verts<\/strong>, des <strong>bornes de recharge<\/strong> pour <strong>v\u00e9hicules \u00e9lectriques<\/strong>, un <strong>garage<\/strong>, un local de <strong>stockage<\/strong> et une communaut\u00e9 cl\u00f4tur\u00e9e sur le terrain 2.<\/p>\t\t\t\t\t\t<\/div>\n\t\t\t\t<\/div>\n\t\t\t\t\t<\/div>\n\t\t<\/div>\n\t\t\t\t\t\t\t<\/div>\n\t\t<\/section>\n\t\t\t\t<section class=\"elementor-section elementor-top-section elementor-element elementor-element-c0c42cb elementor-section-boxed elementor-section-height-default elementor-section-height-default\" data-id=\"c0c42cb\" data-element_type=\"section\">\n\t\t\t\t\t\t<div class=\"elementor-container elementor-column-gap-default\">\n\t\t\t\t\t<div class=\"elementor-column elementor-col-100 elementor-top-column elementor-element elementor-element-afdbcba\" data-id=\"afdbcba\" data-element_type=\"column\">\n\t\t\t<div class=\"elementor-widget-wrap elementor-element-populated\">\n\t\t\t\t\t\t\t\t<div class=\"elementor-element elementor-element-40dc965 elementor-widget elementor-widget-ld_fancy_image\" data-id=\"40dc965\" data-element_type=\"widget\" data-widget_type=\"ld_fancy_image.default\">\n\t\t\t\t<div class=\"elementor-widget-container\">\n\t\t\t\n\t\t\t<div class=\"lqd-imggrp-single d-inline-flex pos-rel align-items-center justify-content-center\"   >\n\n\t\t\t\t\n\t\t\t\t<div class=\"lqd-imggrp-img-container pos-rel\" >\n\n\t\t\t\t\t<figure\n\t\t\t\t\t\tclass=\"w-100 pos-rel\"\n\t\t\t\t\t\t\t\t\t\t\t\t\t\t\t\t\t>\n\t\t\t\t\t\t<img fetchpriority=\"high\" decoding=\"async\" width=\"2340\" height=\"1560\" src=\"https:\/\/almadevelopment.pt\/wp-content\/uploads\/2024\/03\/Empreendimento-Essence-Porto-ALMA-Development-4.webp\" class=\"attachment-full size-full wp-image-13261\" alt=\"\" srcset=\"https:\/\/almadevelopment.pt\/wp-content\/uploads\/2024\/03\/Empreendimento-Essence-Porto-ALMA-Development-4.webp 2340w, https:\/\/almadevelopment.pt\/wp-content\/uploads\/2024\/03\/Empreendimento-Essence-Porto-ALMA-Development-4-300x200.webp 300w, https:\/\/almadevelopment.pt\/wp-content\/uploads\/2024\/03\/Empreendimento-Essence-Porto-ALMA-Development-4-1024x683.webp 1024w, https:\/\/almadevelopment.pt\/wp-content\/uploads\/2024\/03\/Empreendimento-Essence-Porto-ALMA-Development-4-1536x1024.webp 1536w, https:\/\/almadevelopment.pt\/wp-content\/uploads\/2024\/03\/Empreendimento-Essence-Porto-ALMA-Development-4-2048x1365.webp 2048w, https:\/\/almadevelopment.pt\/wp-content\/uploads\/2024\/03\/Empreendimento-Essence-Porto-ALMA-Development-4-720x480.webp 720w\" sizes=\"(max-width: 2340px) 100vw, 2340px\" \/>\t\t\t\t\t\t\t\t\t\t\t\t\t\t\t\t\t\t\t\t\t\t\t\t\t\t\t\t\t\t\t\t\t\t\t\t\t\t\t\t\t\t\t\t\t\t\t<\/figure>\n\n\t\t\t\t<\/div>\n\t\t\t<\/div>\n\n\t\t\t\t<\/div>\n\t\t\t\t<\/div>\n\t\t\t\t<div class=\"elementor-element elementor-element-61cea71 elementor-widget elementor-widget-hub_fancy_heading\" data-id=\"61cea71\" data-element_type=\"widget\" data-widget_type=\"hub_fancy_heading.default\">\n\t\t\t\t<div class=\"elementor-widget-container\">\n\t\t\t\n\t\t<div id=\"ld-fancy-heading-69f2fcb96c3eb\" class=\"ld-fancy-heading pos-rel\">\n\t\t\t<p class=\"ld-fh-element d-inline-block pos-rel  lqd-highlight-classic lqd-highlight-grow-left p\"  > <em>ESSENCE - Nouvelle tradition<\/em><\/p>\t\t<\/div>\n\n\t\t\t\t<\/div>\n\t\t\t\t<\/div>\n\t\t\t\t\t<\/div>\n\t\t<\/div>\n\t\t\t\t\t\t\t<\/div>\n\t\t<\/section>\n\t\t<div class=\"elementor-element elementor-element-d253de0 e-flex e-con-boxed e-con e-parent\" data-id=\"d253de0\" data-element_type=\"container\" data-settings=\"{&quot;content_width&quot;:&quot;boxed&quot;}\" data-core-v316-plus=\"true\">\n\t\t\t\t\t<div class=\"e-con-inner\">\n\t\t<div class=\"elementor-element elementor-element-db84882 e-con-full e-flex e-con e-child\" data-id=\"db84882\" data-element_type=\"container\" data-settings=\"{&quot;content_width&quot;:&quot;full&quot;}\">\n\t\t\t\t<div class=\"elementor-element elementor-element-0eb5b90 elementor-widget elementor-widget-text-editor\" data-id=\"0eb5b90\" data-element_type=\"widget\" data-widget_type=\"text-editor.default\">\n\t\t\t\t<div class=\"elementor-widget-container\">\n\t\t\t\t\t\t\t<blockquote>\n<p style=\"text-align: center;\"><span style=\"font-size: 24px; color: #000000;\">&#8220;Le projet ESSENCE repr\u00e9sente un investissement significatif dans la ville de Porto et t\u00e9moigne de l&#8217;engagement d&#8217;ALMA Development \u00e0 d\u00e9velopper des propri\u00e9t\u00e9s de haute qualit\u00e9 avec des services exclusifs. <br \/>Avec le lancement d&#8217;ESSENCE, ALMA Development renforce sa position en tant qu&#8217;entreprise leader dans le secteur immobilier portugais et r\u00e9it\u00e8re son engagement \u00e0 offrir \u00e0 ses clients le meilleur en termes de qualit\u00e9, d&#8217;innovation et de confort.&#8221;<\/span><\/p>\n<p style=\"text-align: center;\"><cite>Francisco Carmona, directeur g\u00e9n\u00e9ral d&#8217;ALMA Development<br \/><\/cite><\/p>\n<\/blockquote>\n\t\t\t\t\t\t<\/div>\n\t\t\t\t<\/div>\n\t\t\t\t<\/div>\n\t\t<div class=\"elementor-element elementor-element-099180e e-con-full e-flex e-con e-child\" data-id=\"099180e\" data-element_type=\"container\" data-settings=\"{&quot;content_width&quot;:&quot;full&quot;}\">\n\t\t\t\t<div class=\"elementor-element elementor-element-0f296c0 elementor-widget elementor-widget-text-editor\" data-id=\"0f296c0\" data-element_type=\"widget\" data-widget_type=\"text-editor.default\">\n\t\t\t\t<div class=\"elementor-widget-container\">\n\t\t\t\t\t\t\t<blockquote>\n<p style=\"text-align: center;\"><span style=\"font-size: 24px; color: #000000;\">&#8220;Avec l&#8217;Alameda das Antas et l&#8217;Abattoir, ESSENCE vise \u00e0 revitaliser la partie orientale de la ville, une zone \u00e0 fort potentiel et \u00e0 valeur historique, en utilisant des m\u00e9thodes de construction et des technologies modernes tout en respectant le contexte et le paysage locaux.<\/span><\/p>\n<p style=\"text-align: center;\"><cite>Juli\u00e3o Pinto Leite, associ\u00e9 chez OODA  <\/cite><\/p>\n<\/blockquote>\t\t\t\t\t\t<\/div>\n\t\t\t\t<\/div>\n\t\t\t\t<\/div>\n\t\t\t\t\t<\/div>\n\t\t\t\t<\/div>\n\t\t\t\t\t\t\t<\/div>\n\t\t","protected":false},"excerpt":{"rendered":"<p>ESSENCE est un projet immobilier d&#8217;excellence, qui int\u00e8gre les normes les plus \u00e9lev\u00e9es de qualit\u00e9 et d&#8217;innovation dans le d\u00e9veloppement de l&#8217;immobilier r\u00e9sidentiel.  <\/p>\n","protected":false},"author":1,"featured_media":12481,"comment_status":"closed","ping_status":"closed","sticky":false,"template":"","format":"standard","meta":{"footnotes":""},"categories":[29],"tags":[],"class_list":["post-12454","post","type-post","status-publish","format-standard","has-post-thumbnail","hentry","category-empreendimentos"],"yoast_head":"<!-- This site is optimized with the Yoast SEO plugin v27.3 - https:\/\/yoast.com\/product\/yoast-seo-wordpress\/ -->\n<title>Le d\u00e9veloppement de l&#039;essence commence la phase de vente - ALMA Development<\/title>\n<meta name=\"description\" content=\"ALMA Development lance la vente du projet immobilier ESSENCE situ\u00e9 \u00e0 Antas, Porto, dont l&#039;ach\u00e8vement est pr\u00e9vu pour le 4\u00e8me trimestre 2025.\" \/>\n<meta name=\"robots\" content=\"index, follow, max-snippet:-1, max-image-preview:large, max-video-preview:-1\" \/>\n<link rel=\"canonical\" href=\"https:\/\/almadevelopment.pt\/fr\/essence-commence-phase-vente\/\" \/>\n<meta property=\"og:locale\" content=\"fr_FR\" \/>\n<meta property=\"og:type\" content=\"article\" \/>\n<meta property=\"og:title\" content=\"Le d\u00e9veloppement de l&#039;essence commence la phase de vente - ALMA Development\" \/>\n<meta property=\"og:description\" content=\"ALMA Development lance la vente du projet immobilier ESSENCE situ\u00e9 \u00e0 Antas, Porto, dont l&#039;ach\u00e8vement est pr\u00e9vu pour le 4\u00e8me trimestre 2025.\" \/>\n<meta property=\"og:url\" content=\"https:\/\/almadevelopment.pt\/fr\/essence-commence-phase-vente\/\" \/>\n<meta property=\"og:site_name\" content=\"ALMA Development\" \/>\n<meta property=\"article:publisher\" content=\"https:\/\/www.facebook.com\/profile.php?id=100092714824982\" \/>\n<meta property=\"article:published_time\" content=\"2024-03-04T17:48:41+00:00\" \/>\n<meta property=\"article:modified_time\" content=\"2026-03-31T16:48:34+00:00\" \/>\n<meta property=\"og:image\" content=\"https:\/\/almadevelopment.pt\/wp-content\/uploads\/2024\/03\/Imagem-Destaque-Essence-inicia-vendas.webp\" \/>\n\t<meta property=\"og:image:width\" content=\"710\" \/>\n\t<meta property=\"og:image:height\" content=\"502\" \/>\n\t<meta property=\"og:image:type\" content=\"image\/webp\" \/>\n<meta name=\"author\" content=\"mfw\" \/>\n<meta name=\"twitter:card\" content=\"summary_large_image\" \/>\n<script type=\"application\/ld+json\" class=\"yoast-schema-graph\">{\"@context\":\"https:\\\/\\\/schema.org\",\"@graph\":[{\"@type\":\"Article\",\"@id\":\"https:\\\/\\\/almadevelopment.pt\\\/fr\\\/essence-commence-phase-vente\\\/#article\",\"isPartOf\":{\"@id\":\"https:\\\/\\\/almadevelopment.pt\\\/fr\\\/essence-commence-phase-vente\\\/\"},\"author\":{\"name\":\"mfw\",\"@id\":\"https:\\\/\\\/almadevelopment.pt\\\/fr\\\/#\\\/schema\\\/person\\\/5b7c7a063fc12e76bbcaf5f01062962b\"},\"headline\":\"Le d\u00e9veloppement de l&#8217;essence commence la phase de vente\",\"datePublished\":\"2024-03-04T17:48:41+00:00\",\"dateModified\":\"2026-03-31T16:48:34+00:00\",\"mainEntityOfPage\":{\"@id\":\"https:\\\/\\\/almadevelopment.pt\\\/fr\\\/essence-commence-phase-vente\\\/\"},\"wordCount\":553,\"publisher\":{\"@id\":\"https:\\\/\\\/almadevelopment.pt\\\/fr\\\/#organization\"},\"image\":{\"@id\":\"https:\\\/\\\/almadevelopment.pt\\\/fr\\\/essence-commence-phase-vente\\\/#primaryimage\"},\"thumbnailUrl\":\"https:\\\/\\\/almadevelopment.pt\\\/wp-content\\\/uploads\\\/2024\\\/03\\\/Imagem-Destaque-Essence-inicia-vendas.webp\",\"articleSection\":[\"Empreendimentos\"],\"inLanguage\":\"fr-FR\"},{\"@type\":\"WebPage\",\"@id\":\"https:\\\/\\\/almadevelopment.pt\\\/fr\\\/essence-commence-phase-vente\\\/\",\"url\":\"https:\\\/\\\/almadevelopment.pt\\\/fr\\\/essence-commence-phase-vente\\\/\",\"name\":\"Le d\u00e9veloppement de l'essence commence la phase de vente - ALMA Development\",\"isPartOf\":{\"@id\":\"https:\\\/\\\/almadevelopment.pt\\\/fr\\\/#website\"},\"primaryImageOfPage\":{\"@id\":\"https:\\\/\\\/almadevelopment.pt\\\/fr\\\/essence-commence-phase-vente\\\/#primaryimage\"},\"image\":{\"@id\":\"https:\\\/\\\/almadevelopment.pt\\\/fr\\\/essence-commence-phase-vente\\\/#primaryimage\"},\"thumbnailUrl\":\"https:\\\/\\\/almadevelopment.pt\\\/wp-content\\\/uploads\\\/2024\\\/03\\\/Imagem-Destaque-Essence-inicia-vendas.webp\",\"datePublished\":\"2024-03-04T17:48:41+00:00\",\"dateModified\":\"2026-03-31T16:48:34+00:00\",\"description\":\"ALMA Development lance la vente du projet immobilier ESSENCE situ\u00e9 \u00e0 Antas, Porto, dont l'ach\u00e8vement est pr\u00e9vu pour le 4\u00e8me trimestre 2025.\",\"breadcrumb\":{\"@id\":\"https:\\\/\\\/almadevelopment.pt\\\/fr\\\/essence-commence-phase-vente\\\/#breadcrumb\"},\"inLanguage\":\"fr-FR\",\"potentialAction\":[{\"@type\":\"ReadAction\",\"target\":[\"https:\\\/\\\/almadevelopment.pt\\\/fr\\\/essence-commence-phase-vente\\\/\"]}]},{\"@type\":\"ImageObject\",\"inLanguage\":\"fr-FR\",\"@id\":\"https:\\\/\\\/almadevelopment.pt\\\/fr\\\/essence-commence-phase-vente\\\/#primaryimage\",\"url\":\"https:\\\/\\\/almadevelopment.pt\\\/wp-content\\\/uploads\\\/2024\\\/03\\\/Imagem-Destaque-Essence-inicia-vendas.webp\",\"contentUrl\":\"https:\\\/\\\/almadevelopment.pt\\\/wp-content\\\/uploads\\\/2024\\\/03\\\/Imagem-Destaque-Essence-inicia-vendas.webp\",\"width\":710,\"height\":502,\"caption\":\"Essence inicia vendas\"},{\"@type\":\"BreadcrumbList\",\"@id\":\"https:\\\/\\\/almadevelopment.pt\\\/fr\\\/essence-commence-phase-vente\\\/#breadcrumb\",\"itemListElement\":[{\"@type\":\"ListItem\",\"position\":1,\"name\":\"Home\",\"item\":\"https:\\\/\\\/almadevelopment.pt\\\/fr\\\/\"},{\"@type\":\"ListItem\",\"position\":2,\"name\":\"Le d\u00e9veloppement de l&#8217;essence commence la phase de vente\"}]},{\"@type\":\"WebSite\",\"@id\":\"https:\\\/\\\/almadevelopment.pt\\\/fr\\\/#website\",\"url\":\"https:\\\/\\\/almadevelopment.pt\\\/fr\\\/\",\"name\":\"ALMA Development\",\"description\":\"Real State of Mind\",\"publisher\":{\"@id\":\"https:\\\/\\\/almadevelopment.pt\\\/fr\\\/#organization\"},\"potentialAction\":[{\"@type\":\"SearchAction\",\"target\":{\"@type\":\"EntryPoint\",\"urlTemplate\":\"https:\\\/\\\/almadevelopment.pt\\\/fr\\\/?s={search_term_string}\"},\"query-input\":{\"@type\":\"PropertyValueSpecification\",\"valueRequired\":true,\"valueName\":\"search_term_string\"}}],\"inLanguage\":\"fr-FR\"},{\"@type\":\"Organization\",\"@id\":\"https:\\\/\\\/almadevelopment.pt\\\/fr\\\/#organization\",\"name\":\"ALMA Development\",\"alternateName\":\"ALMA\",\"url\":\"https:\\\/\\\/almadevelopment.pt\\\/fr\\\/\",\"logo\":{\"@type\":\"ImageObject\",\"inLanguage\":\"fr-FR\",\"@id\":\"https:\\\/\\\/almadevelopment.pt\\\/fr\\\/#\\\/schema\\\/logo\\\/image\\\/\",\"url\":\"https:\\\/\\\/almadevelopment.pt\\\/wp-content\\\/uploads\\\/2022\\\/03\\\/Logo-ALMA-azul-150-na\u0303o-responsive-04.svg\",\"contentUrl\":\"https:\\\/\\\/almadevelopment.pt\\\/wp-content\\\/uploads\\\/2022\\\/03\\\/Logo-ALMA-azul-150-na\u0303o-responsive-04.svg\",\"width\":150,\"height\":75,\"caption\":\"ALMA Development\"},\"image\":{\"@id\":\"https:\\\/\\\/almadevelopment.pt\\\/fr\\\/#\\\/schema\\\/logo\\\/image\\\/\"},\"sameAs\":[\"https:\\\/\\\/www.facebook.com\\\/profile.php?id=100092714824982\",\"https:\\\/\\\/www.linkedin.com\\\/company\\\/alma-development-panhard-international\",\"https:\\\/\\\/www.instagram.com\\\/alma.development\\\/\"]},{\"@type\":\"Person\",\"@id\":\"https:\\\/\\\/almadevelopment.pt\\\/fr\\\/#\\\/schema\\\/person\\\/5b7c7a063fc12e76bbcaf5f01062962b\",\"name\":\"mfw\",\"sameAs\":[\"https:\\\/\\\/almadevelopment.pt\"]}]}<\/script>\n<!-- \/ Yoast SEO plugin. -->","yoast_head_json":{"title":"Le d\u00e9veloppement de l'essence commence la phase de vente - ALMA Development","description":"ALMA Development lance la vente du projet immobilier ESSENCE situ\u00e9 \u00e0 Antas, Porto, dont l'ach\u00e8vement est pr\u00e9vu pour le 4\u00e8me trimestre 2025.","robots":{"index":"index","follow":"follow","max-snippet":"max-snippet:-1","max-image-preview":"max-image-preview:large","max-video-preview":"max-video-preview:-1"},"canonical":"https:\/\/almadevelopment.pt\/fr\/essence-commence-phase-vente\/","og_locale":"fr_FR","og_type":"article","og_title":"Le d\u00e9veloppement de l'essence commence la phase de vente - ALMA Development","og_description":"ALMA Development lance la vente du projet immobilier ESSENCE situ\u00e9 \u00e0 Antas, Porto, dont l'ach\u00e8vement est pr\u00e9vu pour le 4\u00e8me trimestre 2025.","og_url":"https:\/\/almadevelopment.pt\/fr\/essence-commence-phase-vente\/","og_site_name":"ALMA Development","article_publisher":"https:\/\/www.facebook.com\/profile.php?id=100092714824982","article_published_time":"2024-03-04T17:48:41+00:00","article_modified_time":"2026-03-31T16:48:34+00:00","og_image":[{"width":710,"height":502,"url":"https:\/\/almadevelopment.pt\/wp-content\/uploads\/2024\/03\/Imagem-Destaque-Essence-inicia-vendas.webp","type":"image\/webp"}],"author":"mfw","twitter_card":"summary_large_image","schema":{"@context":"https:\/\/schema.org","@graph":[{"@type":"Article","@id":"https:\/\/almadevelopment.pt\/fr\/essence-commence-phase-vente\/#article","isPartOf":{"@id":"https:\/\/almadevelopment.pt\/fr\/essence-commence-phase-vente\/"},"author":{"name":"mfw","@id":"https:\/\/almadevelopment.pt\/fr\/#\/schema\/person\/5b7c7a063fc12e76bbcaf5f01062962b"},"headline":"Le d\u00e9veloppement de l&#8217;essence commence la phase de vente","datePublished":"2024-03-04T17:48:41+00:00","dateModified":"2026-03-31T16:48:34+00:00","mainEntityOfPage":{"@id":"https:\/\/almadevelopment.pt\/fr\/essence-commence-phase-vente\/"},"wordCount":553,"publisher":{"@id":"https:\/\/almadevelopment.pt\/fr\/#organization"},"image":{"@id":"https:\/\/almadevelopment.pt\/fr\/essence-commence-phase-vente\/#primaryimage"},"thumbnailUrl":"https:\/\/almadevelopment.pt\/wp-content\/uploads\/2024\/03\/Imagem-Destaque-Essence-inicia-vendas.webp","articleSection":["Empreendimentos"],"inLanguage":"fr-FR"},{"@type":"WebPage","@id":"https:\/\/almadevelopment.pt\/fr\/essence-commence-phase-vente\/","url":"https:\/\/almadevelopment.pt\/fr\/essence-commence-phase-vente\/","name":"Le d\u00e9veloppement de l'essence commence la phase de vente - ALMA Development","isPartOf":{"@id":"https:\/\/almadevelopment.pt\/fr\/#website"},"primaryImageOfPage":{"@id":"https:\/\/almadevelopment.pt\/fr\/essence-commence-phase-vente\/#primaryimage"},"image":{"@id":"https:\/\/almadevelopment.pt\/fr\/essence-commence-phase-vente\/#primaryimage"},"thumbnailUrl":"https:\/\/almadevelopment.pt\/wp-content\/uploads\/2024\/03\/Imagem-Destaque-Essence-inicia-vendas.webp","datePublished":"2024-03-04T17:48:41+00:00","dateModified":"2026-03-31T16:48:34+00:00","description":"ALMA Development lance la vente du projet immobilier ESSENCE situ\u00e9 \u00e0 Antas, Porto, dont l'ach\u00e8vement est pr\u00e9vu pour le 4\u00e8me trimestre 2025.","breadcrumb":{"@id":"https:\/\/almadevelopment.pt\/fr\/essence-commence-phase-vente\/#breadcrumb"},"inLanguage":"fr-FR","potentialAction":[{"@type":"ReadAction","target":["https:\/\/almadevelopment.pt\/fr\/essence-commence-phase-vente\/"]}]},{"@type":"ImageObject","inLanguage":"fr-FR","@id":"https:\/\/almadevelopment.pt\/fr\/essence-commence-phase-vente\/#primaryimage","url":"https:\/\/almadevelopment.pt\/wp-content\/uploads\/2024\/03\/Imagem-Destaque-Essence-inicia-vendas.webp","contentUrl":"https:\/\/almadevelopment.pt\/wp-content\/uploads\/2024\/03\/Imagem-Destaque-Essence-inicia-vendas.webp","width":710,"height":502,"caption":"Essence inicia vendas"},{"@type":"BreadcrumbList","@id":"https:\/\/almadevelopment.pt\/fr\/essence-commence-phase-vente\/#breadcrumb","itemListElement":[{"@type":"ListItem","position":1,"name":"Home","item":"https:\/\/almadevelopment.pt\/fr\/"},{"@type":"ListItem","position":2,"name":"Le d\u00e9veloppement de l&#8217;essence commence la phase de vente"}]},{"@type":"WebSite","@id":"https:\/\/almadevelopment.pt\/fr\/#website","url":"https:\/\/almadevelopment.pt\/fr\/","name":"ALMA Development","description":"Real State of Mind","publisher":{"@id":"https:\/\/almadevelopment.pt\/fr\/#organization"},"potentialAction":[{"@type":"SearchAction","target":{"@type":"EntryPoint","urlTemplate":"https:\/\/almadevelopment.pt\/fr\/?s={search_term_string}"},"query-input":{"@type":"PropertyValueSpecification","valueRequired":true,"valueName":"search_term_string"}}],"inLanguage":"fr-FR"},{"@type":"Organization","@id":"https:\/\/almadevelopment.pt\/fr\/#organization","name":"ALMA Development","alternateName":"ALMA","url":"https:\/\/almadevelopment.pt\/fr\/","logo":{"@type":"ImageObject","inLanguage":"fr-FR","@id":"https:\/\/almadevelopment.pt\/fr\/#\/schema\/logo\/image\/","url":"https:\/\/almadevelopment.pt\/wp-content\/uploads\/2022\/03\/Logo-ALMA-azul-150-na\u0303o-responsive-04.svg","contentUrl":"https:\/\/almadevelopment.pt\/wp-content\/uploads\/2022\/03\/Logo-ALMA-azul-150-na\u0303o-responsive-04.svg","width":150,"height":75,"caption":"ALMA Development"},"image":{"@id":"https:\/\/almadevelopment.pt\/fr\/#\/schema\/logo\/image\/"},"sameAs":["https:\/\/www.facebook.com\/profile.php?id=100092714824982","https:\/\/www.linkedin.com\/company\/alma-development-panhard-international","https:\/\/www.instagram.com\/alma.development\/"]},{"@type":"Person","@id":"https:\/\/almadevelopment.pt\/fr\/#\/schema\/person\/5b7c7a063fc12e76bbcaf5f01062962b","name":"mfw","sameAs":["https:\/\/almadevelopment.pt"]}]}},"_links":{"self":[{"href":"https:\/\/almadevelopment.pt\/fr\/wp-json\/wp\/v2\/posts\/12454","targetHints":{"allow":["GET"]}}],"collection":[{"href":"https:\/\/almadevelopment.pt\/fr\/wp-json\/wp\/v2\/posts"}],"about":[{"href":"https:\/\/almadevelopment.pt\/fr\/wp-json\/wp\/v2\/types\/post"}],"author":[{"embeddable":true,"href":"https:\/\/almadevelopment.pt\/fr\/wp-json\/wp\/v2\/users\/1"}],"replies":[{"embeddable":true,"href":"https:\/\/almadevelopment.pt\/fr\/wp-json\/wp\/v2\/comments?post=12454"}],"version-history":[{"count":13,"href":"https:\/\/almadevelopment.pt\/fr\/wp-json\/wp\/v2\/posts\/12454\/revisions"}],"predecessor-version":[{"id":18109,"href":"https:\/\/almadevelopment.pt\/fr\/wp-json\/wp\/v2\/posts\/12454\/revisions\/18109"}],"wp:featuredmedia":[{"embeddable":true,"href":"https:\/\/almadevelopment.pt\/fr\/wp-json\/wp\/v2\/media\/12481"}],"wp:attachment":[{"href":"https:\/\/almadevelopment.pt\/fr\/wp-json\/wp\/v2\/media?parent=12454"}],"wp:term":[{"taxonomy":"category","embeddable":true,"href":"https:\/\/almadevelopment.pt\/fr\/wp-json\/wp\/v2\/categories?post=12454"},{"taxonomy":"post_tag","embeddable":true,"href":"https:\/\/almadevelopment.pt\/fr\/wp-json\/wp\/v2\/tags?post=12454"}],"curies":[{"name":"wp","href":"https:\/\/api.w.org\/{rel}","templated":true}]}}